{"id":9449,"date":"2026-02-10T09:22:43","date_gmt":"2026-02-10T07:22:43","guid":{"rendered":"https:\/\/juliawoning.com\/creative-world-in-frankfurt-2026\/"},"modified":"2026-08-14T18:50:48","modified_gmt":"2026-08-14T16:50:48","slug":"creative-world-in-frankfurt-2026","status":"publish","type":"post","link":"https:\/\/juliawoning.com\/de\/creative-world-in-frankfurt-2026\/","title":{"rendered":"Creative World in Frankfurt 2026"},"content":{"rendered":"<div  class='flex_column av-fnkt5u-96b0e378909ec24f4643c79021fb417e av_two_fifth  avia-builder-el-0  el_before_av_three_fifth  avia-builder-el-first  first flex_column_div  '     ><p><div  class='avia-video av-mlmj7kez-733f3527f1d493036aac681d5c1b68b8 avia-video-9-16 av-no-preview-image avia-video-load-always av-lazyload-immediate av-lazyload-video-embed'  itemprop=\"video\" itemtype=\"https:\/\/schema.org\/VideoObject\"  data-original_url='https:\/\/youtube.com\/shorts\/Uwqxs2Ueg_g'><script type='text\/html' class='av-video-tmpl'><div class='avia-iframe-wrap'><iframe loading=\"lazy\" title=\"Creativeworld Frankfurt 2026 | Live Demo with Derwent and GelliArts at Colourstock Booth\" width=\"563\" height=\"1000\" src=\"https:\/\/www.youtube.com\/embed\/Uwqxs2Ueg_g?feature=oembed&autoplay=0&loop=0&controls=1&mute=0\" frameborder=\"0\" allow=\"accelerometer; autoplay; clipboard-write; encrypted-media; gyroscope; picture-in-picture; web-share\" referrerpolicy=\"strict-origin-when-cross-origin\" allowfullscreen><\/iframe><\/div><\/script><div class='av-click-to-play-overlay'><div class=\"avia_playpause_icon\"><\/div><\/div><\/div><br \/>\n\n<style type=\"text\/css\" data-created_by=\"avia_inline_auto\" id=\"style-css-av-m74jvnmo-c35c7ee2d5a167b8ef3fd124a9ee7244\">\n.avia-image-container.av-m74jvnmo-c35c7ee2d5a167b8ef3fd124a9ee7244 img.avia_image{\nbox-shadow:none;\n}\n.avia-image-container.av-m74jvnmo-c35c7ee2d5a167b8ef3fd124a9ee7244 .av-image-caption-overlay-center{\ncolor:#ffffff;\n}\n<\/style>\n<div  class='avia-image-container av-m74jvnmo-c35c7ee2d5a167b8ef3fd124a9ee7244 av-styling- avia-align-center  avia-builder-el-2  el_after_av_video  avia-builder-el-last '   itemprop=\"image\" itemscope=\"itemscope\" itemtype=\"https:\/\/schema.org\/ImageObject\" ><div class=\"avia-image-container-inner\"><div class=\"avia-image-overlay-wrap\"><img decoding=\"async\" fetchpriority=\"high\" class='wp-image-9448 avia-img-lazy-loading-not-9448 avia_image ' src=\"https:\/\/juliawoning.com\/wp-content\/uploads\/2026\/01\/Creativeworld-2026-Frankfurt-Germany-300x300.jpg\" alt='' title='Creativeworld-2026-Frankfurt-Germany'  height=\"300\" width=\"300\"  itemprop=\"thumbnailUrl\" srcset=\"https:\/\/juliawoning.com\/wp-content\/uploads\/2026\/01\/Creativeworld-2026-Frankfurt-Germany-300x300.jpg 300w, https:\/\/juliawoning.com\/wp-content\/uploads\/2026\/01\/Creativeworld-2026-Frankfurt-Germany-80x80.jpg 80w, https:\/\/juliawoning.com\/wp-content\/uploads\/2026\/01\/Creativeworld-2026-Frankfurt-Germany-36x36.jpg 36w, https:\/\/juliawoning.com\/wp-content\/uploads\/2026\/01\/Creativeworld-2026-Frankfurt-Germany-180x180.jpg 180w, https:\/\/juliawoning.com\/wp-content\/uploads\/2026\/01\/Creativeworld-2026-Frankfurt-Germany-120x120.jpg 120w, https:\/\/juliawoning.com\/wp-content\/uploads\/2026\/01\/Creativeworld-2026-Frankfurt-Germany-450x450.jpg 450w, https:\/\/juliawoning.com\/wp-content\/uploads\/2026\/01\/Creativeworld-2026-Frankfurt-Germany-100x100.jpg 100w, https:\/\/juliawoning.com\/wp-content\/uploads\/2026\/01\/Creativeworld-2026-Frankfurt-Germany.jpg 500w\" sizes=\"(max-width: 300px) 100vw, 300px\" \/><\/div><\/div><\/div><\/p><\/div>\n<div  class='flex_column av-ctjyxu-20e21ae1b0bc2010808e240223d4c8c6 av_three_fifth  avia-builder-el-3  el_after_av_two_fifth  avia-builder-el-last  flex_column_div  '     ><p>\n<style type=\"text\/css\" data-created_by=\"avia_inline_auto\" id=\"style-css-av-m1hezfdr-521067ac61f551b3aa779be6efe7777c\">\n#top .av-special-heading.av-m1hezfdr-521067ac61f551b3aa779be6efe7777c{\npadding-bottom:10px;\n}\nbody .av-special-heading.av-m1hezfdr-521067ac61f551b3aa779be6efe7777c .av-special-heading-tag .heading-char{\nfont-size:25px;\n}\n.av-special-heading.av-m1hezfdr-521067ac61f551b3aa779be6efe7777c .av-subheading{\nfont-size:15px;\n}\n<\/style>\n<div  class='av-special-heading av-m1hezfdr-521067ac61f551b3aa779be6efe7777c av-special-heading-h1 blockquote modern-quote  avia-builder-el-4  el_before_av_textblock  avia-builder-el-first '><h1 class='av-special-heading-tag '  itemprop=\"headline\"  >Creative World Frankfurt \u2013 Ein unvergessliches Erlebnis \ud83c\udfa8<\/h1><div class=\"special-heading-border\"><div class=\"special-heading-inner-border\"><\/div><\/div><\/div><br \/>\n<section  class='av_textblock_section av-lm0bclcm-f45125a6b3522576593cf31542fc8034 '   itemscope=\"itemscope\" itemtype=\"https:\/\/schema.org\/BlogPosting\" itemprop=\"blogPost\" ><div class='avia_textblock'  itemprop=\"text\" ><div class=\"xdj266r x11i5rnm xat24cr x1mh8g0r x1vvkbs x126k92a\">\n<div dir=\"auto\">\n<p>Vom 6. bis 9. Februar hatte ich die Gelegenheit, die <strong>Creative World in Frankfurt <\/strong>als Gast am Stand von Colourstock zu besuchen. Vier Tage lang drehte sich alles um Kreativit\u00e4t, Inspiration und den Austausch mit anderen. <\/p>\n<p>W\u00e4hrend der Messe f\u00fchrte ich Produkte von <strong>Derwent<\/strong> und <strong>GelliArts<\/strong> vor. Es war wunderbar, live zu zeigen, wie vielseitig und leistungsstark diese Materialien sind. Vom ersten Strich bis zum Endergebnis konnten die Besucher den gesamten kreativen Prozess hautnah miterleben.  <\/p>\n<p>Was machte diese Tage so besonders?<br \/>\nDie Gespr\u00e4che. Die Neugier. Das Staunen.<br \/>\nSo viele begeisterte Menschen, die einen Moment innehielten, Fragen stellten und sich inspirieren lie\u00dfen.  <\/p>\n<p>F\u00fcr mich sind das die Momente, in denen alles zusammenkommt: meine Leidenschaft f\u00fcr Materialien, Technik und die Weitergabe von Wissen.<\/p>\n<p>Neugierig auf die Atmosph\u00e4re und die Energie dieser Tage?<br \/>\nSchauen Sie sich das Video an, um einen hervorragenden Eindruck zu gewinnen.<\/p>\n<\/div>\n<\/div>\n<div class=\"x11i5rnm xat24cr x1mh8g0r x1vvkbs xtlvy1s x126k92a\"><\/div>\n<\/div><\/section><\/p><\/div>\n","protected":false},"excerpt":{"rendered":"<p>Vom 6. bis 9. Februar hatte ich die Gelegenheit, die Creative World in Frankfurt als Gast am Stand von Colourstock zu besuchen. Vier Tage lang drehte sich alles um Kreativit\u00e4t, Inspiration und den Austausch mit anderen. <\/p>\n<p>W\u00e4hrend der Messe habe ich Vorf\u00fchrungen f\u00fcr Derwent und GelliArts gegeben. Bist du neugierig auf die Atmosph\u00e4re und die Energie dieser Tage?<br \/>\nSchauen Sie sich das Video an, um einen hervorragenden Eindruck zu gewinnen.<\/p>\n","protected":false},"author":3,"featured_media":9448,"comment_status":"open","ping_status":"open","sticky":false,"template":"","format":"standard","meta":{"footnotes":"","_members_access_role":[],"_members_access_error":""},"categories":[122],"tags":[],"class_list":["post-9449","post","type-post","status-publish","format-standard","has-post-thumbnail","hentry","category-nachricht"],"_links":{"self":[{"href":"https:\/\/juliawoning.com\/de\/wp-json\/wp\/v2\/posts\/9449","targetHints":{"allow":["GET"]}}],"collection":[{"href":"https:\/\/juliawoning.com\/de\/wp-json\/wp\/v2\/posts"}],"about":[{"href":"https:\/\/juliawoning.com\/de\/wp-json\/wp\/v2\/types\/post"}],"author":[{"embeddable":true,"href":"https:\/\/juliawoning.com\/de\/wp-json\/wp\/v2\/users\/3"}],"replies":[{"embeddable":true,"href":"https:\/\/juliawoning.com\/de\/wp-json\/wp\/v2\/comments?post=9449"}],"version-history":[{"count":0,"href":"https:\/\/juliawoning.com\/de\/wp-json\/wp\/v2\/posts\/9449\/revisions"}],"wp:featuredmedia":[{"embeddable":true,"href":"https:\/\/juliawoning.com\/de\/wp-json\/wp\/v2\/media\/9448"}],"wp:attachment":[{"href":"https:\/\/juliawoning.com\/de\/wp-json\/wp\/v2\/media?parent=9449"}],"wp:term":[{"taxonomy":"category","embeddable":true,"href":"https:\/\/juliawoning.com\/de\/wp-json\/wp\/v2\/categories?post=9449"},{"taxonomy":"post_tag","embeddable":true,"href":"https:\/\/juliawoning.com\/de\/wp-json\/wp\/v2\/tags?post=9449"}],"curies":[{"name":"wp","href":"https:\/\/api.w.org\/{rel}","templated":true}]}}